{"id":2604,"date":"2020-07-06T10:51:49","date_gmt":"2020-07-06T08:51:49","guid":{"rendered":"https:\/\/pragent.hu\/?p=2604"},"modified":"2026-02-12T09:11:50","modified_gmt":"2026-02-12T08:11:50","slug":"a-projektmenedzsment-5-alapelve","status":"publish","type":"post","link":"https:\/\/pragent.hu\/en\/a-projektmenedzsment-5-alapelve\/","title":{"rendered":"A projektmenedzsment 5 alapelve"},"content":{"rendered":"<p>A napi, heti, havi rutin feladatok mell\u00e9 egy \u00fcgyn\u00f6ks\u00e9g \u00e9lete sokszor eg\u00e9sz\u00fcl ki olyan nagyobb \u00edv\u0171 projektekkel, melyek \u00f6sszetettebb koordin\u00e1l\u00e1st ig\u00e9nyelnek. Ilyenkor hasznos, ha rendelkez\u00fcnk projektmenedzsmenti tapasztalattal, \u00edgy a munka sokkal hat\u00e9konyabban tud zajlani minden szerepl\u0151n\u00e9l, aki a projektben r\u00e9szt vesz.<\/p>\n<h3><b>Alak\u00edtsd ki a feladat -\u00e9s felel\u0151ss\u00e9gi k\u00f6r\u00f6ket<\/b><\/h3>\n<p>Amikor egy projekt elkezd\u0151dik, m\u00e1r az elej\u00e9n \u00e9rdemes tiszt\u00e1zni az \u00f6sszes feladatot \u00e9s azoknak felel\u0151s\u00e9t. A projektnek legyen egy gazd\u00e1ja, legyenek kijel\u00f6lve a csapattagok illetve ha kell, legyen egy fix tan\u00e1csad\u00f3 \u00e9s az alv\u00e1llalkoz\u00f3k, partnerek list\u00e1ja is legyen egy\u00e9rtelm\u0171 minden r\u00e9sztvev\u0151 sz\u00e1m\u00e1ra. A projektgazda, vagy projektmenedzser felel a feladatok kioszt\u00e1s\u00e1\u00e9rt \u00e9s azok g\u00f6rd\u00fcl\u00e9keny halad\u00e1s\u00e1\u00e9rt, a projekttagok pedig ezek alapj\u00e1n dolgoznak a munkafolyamatban. A tan\u00e1csad\u00f3 szerepe akkor fontos, ha a projekt elakad valami miatt, vagy olyan k\u00e9rd\u00e9s mer\u00fcl fel, amiben j\u00f3, ha egy senior szakember seg\u00edts\u00e9get ny\u00fajt.&nbsp;<\/p>\n<h3><b>Legyen tervezett hat\u00e1rid\u0151d \u00e9s id\u0151vonalad<\/b><\/h3>\n<p>A feladatok tiszt\u00e1z\u00e1sa ut\u00e1n \u00e9rdemes \u00fctemtervet k\u00e9sz\u00edteni, melyek meghat\u00e1rozz\u00e1k a projekt s\u00edkj\u00e1t id\u0151ben is. Ehhez mindenki tudja tartani mag\u00e1t, illetve az \u00fcgyf\u00e9l sz\u00e1m\u00e1ra is kider\u00fcl, hogy mikor sz\u00e1m\u00edthat a megrendel\u00e9se v\u00e9geredm\u00e9ny\u00e9re.<\/p>\n<h3><b>Vezesd a feladatokat t\u00e1bl\u00e1zatban<\/b><\/h3>\n<p>Egy weboldal fejleszt\u00e9se eset\u00e9ben rengeteg olyan apr\u00f3 r\u00e9szfeladat mer\u00fclhet fel, melyek egy hossz\u00fa email folyamban elveszhetnek. \u00c9rdemes k\u00f6z\u00f6s t\u00e1bl\u00e1zatban vezetni minden r\u00e9szletet \u00e9s dokumentumot (pl\u00e1ne ha k\u00fcls\u0151s alv\u00e1llalkoz\u00f3val dolgozunk), melyekben tudjuk jel\u00f6lni a felel\u0151ss\u00e9gi k\u00f6r\u00f6ket, a hat\u00e1rid\u0151ket, illetve azt is, ha valamelyik feladattal k\u00e9szen vagyunk.<\/p>\n<h3><b>K\u00f6vesd a feladatok menet\u00e9t<\/b><\/h3>\n<p>F\u0151leg a projektgazda feladata az, hogy k\u00e9zben tartsa \u00e9s k\u00f6vetkezetesen ut\u00e1nk\u00f6vesse az \u00f6sszes r\u00e9szletet, \u00e9s ha hib\u00e1t \u00e9szlel a rendszerben, azt id\u0151ben kijav\u00edtsa \u00e9s seg\u00edts\u00e9get ny\u00fajtson, illetve err\u0151l t\u00e1j\u00e9koztassa az \u00fcgyfelet is.<\/p>\n<h3><b>\u00c9rt\u00e9kelj \u00e9s tanulj a hib\u00e1kb\u00f3l<\/b><\/h3>\n<p>Nincs olyan projekt, amib\u0151l nem lehet tanulni. A projektz\u00e1r\u00e1snak mindig legyen r\u00e9sze az \u00e9rt\u00e9kel\u00e9s, amiben minden projekttag r\u00e9szt vesz. Ekkor \u00e9rdemes megosztani egym\u00e1ssal a tapasztalatokat, hib\u00e1kat, \u00e9s \u00f6sszegy\u0171jteni azokat a hasznos pontokat, melyeket a k\u00f6vetkez\u0151 projektbe a hat\u00e9konys\u00e1g \u00e9rdek\u00e9ben be lehet majd illeszteni.&nbsp;<\/p>","protected":false},"excerpt":{"rendered":"<p>A napi, heti, havi rutin feladatok mell\u00e9 egy \u00fcgyn\u00f6ks\u00e9g \u00e9lete sokszor eg\u00e9sz\u00fcl ki olyan nagyobb \u00edv\u0171 projektekkel, melyek \u00f6sszetettebb koordin\u00e1l\u00e1st ig\u00e9nyelnek. Ilyenkor hasznos, ha rendelkez\u00fcnk projektmenedzsmenti tapasztalattal, \u00edgy a munka sokkal hat\u00e9konyabban tud zajlani minden szerepl\u0151n\u00e9l, aki a projektben r\u00e9szt vesz. Alak\u00edtsd ki a feladat -\u00e9s felel\u0151ss\u00e9gi k\u00f6r\u00f6ket Amikor egy projekt elkezd\u0151dik, m\u00e1r az elej\u00e9n [&hellip;]<\/p>\n","protected":false},"author":1,"featured_media":2606,"comment_status":"closed","ping_status":"open","sticky":false,"template":"","format":"standard","meta":{"_monsterinsights_skip_tracking":false,"_monsterinsights_sitenote_active":false,"_monsterinsights_sitenote_note":"","_monsterinsights_sitenote_category":0,"ocean_post_layout":"","ocean_both_sidebars_style":"","ocean_both_sidebars_content_width":0,"ocean_both_sidebars_sidebars_width":0,"ocean_sidebar":"0","ocean_second_sidebar":"0","ocean_disable_margins":"enable","ocean_add_body_class":"","ocean_shortcode_before_top_bar":"","ocean_shortcode_after_top_bar":"","ocean_shortcode_before_header":"","ocean_shortcode_after_header":"","ocean_has_shortcode":"","ocean_shortcode_after_title":"","ocean_shortcode_before_footer_widgets":"","ocean_shortcode_after_footer_widgets":"","ocean_shortcode_before_footer_bottom":"","ocean_shortcode_after_footer_bottom":"","ocean_display_top_bar":"default","ocean_display_header":"default","ocean_header_style":"","ocean_center_header_left_menu":"0","ocean_custom_header_template":"0","ocean_custom_logo":0,"ocean_custom_retina_logo":0,"ocean_custom_logo_max_width":0,"ocean_custom_logo_tablet_max_width":0,"ocean_custom_logo_mobile_max_width":0,"ocean_custom_logo_max_height":0,"ocean_custom_logo_tablet_max_height":0,"ocean_custom_logo_mobile_max_height":0,"ocean_header_custom_menu":"0","ocean_menu_typo_font_family":"0","ocean_menu_typo_font_subset":"","ocean_menu_typo_font_size":0,"ocean_menu_typo_font_size_tablet":0,"ocean_menu_typo_font_size_mobile":0,"ocean_menu_typo_font_size_unit":"px","ocean_menu_typo_font_weight":"","ocean_menu_typo_font_weight_tablet":"","ocean_menu_typo_font_weight_mobile":"","ocean_menu_typo_transform":"","ocean_menu_typo_transform_tablet":"","ocean_menu_typo_transform_mobile":"","ocean_menu_typo_line_height":0,"ocean_menu_typo_line_height_tablet":0,"ocean_menu_typo_line_height_mobile":0,"ocean_menu_typo_line_height_unit":"","ocean_menu_typo_spacing":0,"ocean_menu_typo_spacing_tablet":0,"ocean_menu_typo_spacing_mobile":0,"ocean_menu_typo_spacing_unit":"","ocean_menu_link_color":"","ocean_menu_link_color_hover":"","ocean_menu_link_color_active":"","ocean_menu_link_background":"","ocean_menu_link_hover_background":"","ocean_menu_link_active_background":"","ocean_menu_social_links_bg":"","ocean_menu_social_hover_links_bg":"","ocean_menu_social_links_color":"","ocean_menu_social_hover_links_color":"","ocean_disable_title":"default","ocean_disable_heading":"default","ocean_post_title":"","ocean_post_subheading":"","ocean_post_title_style":"","ocean_post_title_background_color":"","ocean_post_title_background":0,"ocean_post_title_bg_image_position":"","ocean_post_title_bg_image_attachment":"","ocean_post_title_bg_image_repeat":"","ocean_post_title_bg_image_size":"","ocean_post_title_height":0,"ocean_post_title_bg_overlay":0.5,"ocean_post_title_bg_overlay_color":"","ocean_disable_breadcrumbs":"default","ocean_breadcrumbs_color":"","ocean_breadcrumbs_separator_color":"","ocean_breadcrumbs_links_color":"","ocean_breadcrumbs_links_hover_color":"","ocean_display_footer_widgets":"default","ocean_display_footer_bottom":"default","ocean_custom_footer_template":"0","_jetpack_memberships_contains_paid_content":false,"ocean_post_oembed":"","ocean_post_self_hosted_media":"","ocean_post_video_embed":"","ocean_link_format":"","ocean_link_format_target":"self","ocean_quote_format":"","ocean_quote_format_link":"post","ocean_gallery_link_images":"off","ocean_gallery_id":[],"footnotes":""},"categories":[78],"tags":[],"class_list":["post-2604","post","type-post","status-publish","format-standard","has-post-thumbnail","hentry","category-projektmenedzsment","entry","has-media"],"yoast_head":"<!-- This site is optimized with the Yoast SEO plugin v27.5 - https:\/\/yoast.com\/product\/yoast-seo-wordpress\/ -->\n<title>A projektmenedzsment 5 alapelve - PR AGENT Communications<\/title>\n<meta name=\"robots\" content=\"index, follow, max-snippet:-1, max-image-preview:large, max-video-preview:-1\" \/>\n<link rel=\"canonical\" href=\"https:\/\/pragent.hu\/en\/a-projektmenedzsment-5-alapelve\/\" \/>\n<meta property=\"og:locale\" content=\"en_GB\" \/>\n<meta property=\"og:type\" content=\"article\" \/>\n<meta property=\"og:title\" content=\"A projektmenedzsment 5 alapelve - PR AGENT Communications\" \/>\n<meta property=\"og:description\" content=\"A napi, heti, havi rutin feladatok mell\u00e9 egy \u00fcgyn\u00f6ks\u00e9g \u00e9lete sokszor eg\u00e9sz\u00fcl ki olyan nagyobb \u00edv\u0171 projektekkel, melyek \u00f6sszetettebb koordin\u00e1l\u00e1st ig\u00e9nyelnek. Ilyenkor hasznos, ha rendelkez\u00fcnk projektmenedzsmenti tapasztalattal, \u00edgy a munka sokkal hat\u00e9konyabban tud zajlani minden szerepl\u0151n\u00e9l, aki a projektben r\u00e9szt vesz. Alak\u00edtsd ki a feladat -\u00e9s felel\u0151ss\u00e9gi k\u00f6r\u00f6ket Amikor egy projekt elkezd\u0151dik, m\u00e1r az elej\u00e9n [&hellip;]\" \/>\n<meta property=\"og:url\" content=\"https:\/\/pragent.hu\/en\/a-projektmenedzsment-5-alapelve\/\" \/>\n<meta property=\"og:site_name\" content=\"PR AGENT Communications\" \/>\n<meta property=\"article:publisher\" content=\"https:\/\/www.facebook.com\/PRAgentCommunications\/\" \/>\n<meta property=\"article:published_time\" content=\"2020-07-06T08:51:49+00:00\" \/>\n<meta property=\"article:modified_time\" content=\"2026-02-12T08:11:50+00:00\" \/>\n<meta property=\"og:image\" content=\"https:\/\/pragent.hu\/wp-content\/uploads\/2020\/07\/blog19_dalma_pm.jpg\" \/>\n\t<meta property=\"og:image:width\" content=\"1200\" \/>\n\t<meta property=\"og:image:height\" content=\"630\" \/>\n\t<meta property=\"og:image:type\" content=\"image\/jpeg\" \/>\n<meta name=\"author\" content=\"PR-Agent Communications\" \/>\n<meta name=\"twitter:card\" content=\"summary_large_image\" \/>\n<meta name=\"twitter:label1\" content=\"Written by\" \/>\n\t<meta name=\"twitter:data1\" content=\"PR-Agent Communications\" \/>\n\t<meta name=\"twitter:label2\" content=\"Estimated reading time\" \/>\n\t<meta name=\"twitter:data2\" content=\"2 minutes\" \/>\n<script type=\"application\/ld+json\" class=\"yoast-schema-graph\">{\"@context\":\"https:\\\/\\\/schema.org\",\"@graph\":[{\"@type\":\"Article\",\"@id\":\"https:\\\/\\\/pragent.hu\\\/a-projektmenedzsment-5-alapelve\\\/#article\",\"isPartOf\":{\"@id\":\"https:\\\/\\\/pragent.hu\\\/a-projektmenedzsment-5-alapelve\\\/\"},\"author\":{\"name\":\"PR-Agent Communications\",\"@id\":\"https:\\\/\\\/pragent.hu\\\/#\\\/schema\\\/person\\\/13d1a99cee3f07314018d19c45fcd9d9\"},\"headline\":\"A projektmenedzsment 5 alapelve\",\"datePublished\":\"2020-07-06T08:51:49+00:00\",\"dateModified\":\"2026-02-12T08:11:50+00:00\",\"mainEntityOfPage\":{\"@id\":\"https:\\\/\\\/pragent.hu\\\/a-projektmenedzsment-5-alapelve\\\/\"},\"wordCount\":439,\"publisher\":{\"@id\":\"https:\\\/\\\/pragent.hu\\\/#organization\"},\"image\":{\"@id\":\"https:\\\/\\\/pragent.hu\\\/a-projektmenedzsment-5-alapelve\\\/#primaryimage\"},\"thumbnailUrl\":\"https:\\\/\\\/pragent.hu\\\/wp-content\\\/uploads\\\/2020\\\/07\\\/blog19_dalma_pm.jpg\",\"articleSection\":[\"Projektmenedzsment\"],\"inLanguage\":\"en-GB\"},{\"@type\":\"WebPage\",\"@id\":\"https:\\\/\\\/pragent.hu\\\/a-projektmenedzsment-5-alapelve\\\/\",\"url\":\"https:\\\/\\\/pragent.hu\\\/a-projektmenedzsment-5-alapelve\\\/\",\"name\":\"A projektmenedzsment 5 alapelve - PR AGENT Communications\",\"isPartOf\":{\"@id\":\"https:\\\/\\\/pragent.hu\\\/#website\"},\"primaryImageOfPage\":{\"@id\":\"https:\\\/\\\/pragent.hu\\\/a-projektmenedzsment-5-alapelve\\\/#primaryimage\"},\"image\":{\"@id\":\"https:\\\/\\\/pragent.hu\\\/a-projektmenedzsment-5-alapelve\\\/#primaryimage\"},\"thumbnailUrl\":\"https:\\\/\\\/pragent.hu\\\/wp-content\\\/uploads\\\/2020\\\/07\\\/blog19_dalma_pm.jpg\",\"datePublished\":\"2020-07-06T08:51:49+00:00\",\"dateModified\":\"2026-02-12T08:11:50+00:00\",\"breadcrumb\":{\"@id\":\"https:\\\/\\\/pragent.hu\\\/a-projektmenedzsment-5-alapelve\\\/#breadcrumb\"},\"inLanguage\":\"en-GB\",\"potentialAction\":[{\"@type\":\"ReadAction\",\"target\":[\"https:\\\/\\\/pragent.hu\\\/a-projektmenedzsment-5-alapelve\\\/\"]}]},{\"@type\":\"ImageObject\",\"inLanguage\":\"en-GB\",\"@id\":\"https:\\\/\\\/pragent.hu\\\/a-projektmenedzsment-5-alapelve\\\/#primaryimage\",\"url\":\"https:\\\/\\\/pragent.hu\\\/wp-content\\\/uploads\\\/2020\\\/07\\\/blog19_dalma_pm.jpg\",\"contentUrl\":\"https:\\\/\\\/pragent.hu\\\/wp-content\\\/uploads\\\/2020\\\/07\\\/blog19_dalma_pm.jpg\",\"width\":1200,\"height\":630},{\"@type\":\"BreadcrumbList\",\"@id\":\"https:\\\/\\\/pragent.hu\\\/a-projektmenedzsment-5-alapelve\\\/#breadcrumb\",\"itemListElement\":[{\"@type\":\"ListItem\",\"position\":1,\"name\":\"Home\",\"item\":\"https:\\\/\\\/pragent.hu\\\/\"},{\"@type\":\"ListItem\",\"position\":2,\"name\":\"A projektmenedzsment 5 alapelve\"}]},{\"@type\":\"WebSite\",\"@id\":\"https:\\\/\\\/pragent.hu\\\/#website\",\"url\":\"https:\\\/\\\/pragent.hu\\\/\",\"name\":\"PR Agent Communications\",\"description\":\"A PR Agent \u00dcgyn\u00f6ks\u00e9g szak\u00e9rt\u0151i seg\u00edtenek hat\u00e9kony kommunik\u00e1ci\u00f3s \u00e9s PR strat\u00e9gi\u00e1k kialak\u00edt\u00e1s\u00e1ban.\",\"publisher\":{\"@id\":\"https:\\\/\\\/pragent.hu\\\/#organization\"},\"potentialAction\":[{\"@type\":\"SearchAction\",\"target\":{\"@type\":\"EntryPoint\",\"urlTemplate\":\"https:\\\/\\\/pragent.hu\\\/?s={search_term_string}\"},\"query-input\":{\"@type\":\"PropertyValueSpecification\",\"valueRequired\":true,\"valueName\":\"search_term_string\"}}],\"inLanguage\":\"en-GB\"},{\"@type\":\"Organization\",\"@id\":\"https:\\\/\\\/pragent.hu\\\/#organization\",\"name\":\"PR Agent Communications\",\"url\":\"https:\\\/\\\/pragent.hu\\\/\",\"logo\":{\"@type\":\"ImageObject\",\"inLanguage\":\"en-GB\",\"@id\":\"https:\\\/\\\/pragent.hu\\\/#\\\/schema\\\/logo\\\/image\\\/\",\"url\":\"https:\\\/\\\/pragent.hu\\\/wp-content\\\/uploads\\\/2018\\\/11\\\/PRA_logo2-1.png\",\"contentUrl\":\"https:\\\/\\\/pragent.hu\\\/wp-content\\\/uploads\\\/2018\\\/11\\\/PRA_logo2-1.png\",\"width\":98,\"height\":51,\"caption\":\"PR Agent Communications\"},\"image\":{\"@id\":\"https:\\\/\\\/pragent.hu\\\/#\\\/schema\\\/logo\\\/image\\\/\"},\"sameAs\":[\"https:\\\/\\\/www.facebook.com\\\/PRAgentCommunications\\\/\",\"https:\\\/\\\/www.linkedin.com\\\/company\\\/10046539\\\/admin\\\/\",\"http:\\\/\\\/instagram.com\\\/pragentofficial\\\/\"]},{\"@type\":\"Person\",\"@id\":\"https:\\\/\\\/pragent.hu\\\/#\\\/schema\\\/person\\\/13d1a99cee3f07314018d19c45fcd9d9\",\"name\":\"PR-Agent Communications\",\"image\":{\"@type\":\"ImageObject\",\"inLanguage\":\"en-GB\",\"@id\":\"https:\\\/\\\/secure.gravatar.com\\\/avatar\\\/25c62230eaf71a347060775b41058f38a9c06f488e05fe183ef7c0e946018ad9?s=96&d=mm&r=g\",\"url\":\"https:\\\/\\\/secure.gravatar.com\\\/avatar\\\/25c62230eaf71a347060775b41058f38a9c06f488e05fe183ef7c0e946018ad9?s=96&d=mm&r=g\",\"contentUrl\":\"https:\\\/\\\/secure.gravatar.com\\\/avatar\\\/25c62230eaf71a347060775b41058f38a9c06f488e05fe183ef7c0e946018ad9?s=96&d=mm&r=g\",\"caption\":\"PR-Agent Communications\"}}]}<\/script>\n<!-- \/ Yoast SEO plugin. -->","yoast_head_json":{"title":"A projektmenedzsment 5 alapelve - PR AGENT Communications","robots":{"index":"index","follow":"follow","max-snippet":"max-snippet:-1","max-image-preview":"max-image-preview:large","max-video-preview":"max-video-preview:-1"},"canonical":"https:\/\/pragent.hu\/en\/a-projektmenedzsment-5-alapelve\/","og_locale":"en_GB","og_type":"article","og_title":"A projektmenedzsment 5 alapelve - PR AGENT Communications","og_description":"A napi, heti, havi rutin feladatok mell\u00e9 egy \u00fcgyn\u00f6ks\u00e9g \u00e9lete sokszor eg\u00e9sz\u00fcl ki olyan nagyobb \u00edv\u0171 projektekkel, melyek \u00f6sszetettebb koordin\u00e1l\u00e1st ig\u00e9nyelnek. Ilyenkor hasznos, ha rendelkez\u00fcnk projektmenedzsmenti tapasztalattal, \u00edgy a munka sokkal hat\u00e9konyabban tud zajlani minden szerepl\u0151n\u00e9l, aki a projektben r\u00e9szt vesz. Alak\u00edtsd ki a feladat -\u00e9s felel\u0151ss\u00e9gi k\u00f6r\u00f6ket Amikor egy projekt elkezd\u0151dik, m\u00e1r az elej\u00e9n [&hellip;]","og_url":"https:\/\/pragent.hu\/en\/a-projektmenedzsment-5-alapelve\/","og_site_name":"PR AGENT Communications","article_publisher":"https:\/\/www.facebook.com\/PRAgentCommunications\/","article_published_time":"2020-07-06T08:51:49+00:00","article_modified_time":"2026-02-12T08:11:50+00:00","og_image":[{"width":1200,"height":630,"url":"https:\/\/pragent.hu\/wp-content\/uploads\/2020\/07\/blog19_dalma_pm.jpg","type":"image\/jpeg"}],"author":"PR-Agent Communications","twitter_card":"summary_large_image","twitter_misc":{"Written by":"PR-Agent Communications","Estimated reading time":"2 minutes"},"schema":{"@context":"https:\/\/schema.org","@graph":[{"@type":"Article","@id":"https:\/\/pragent.hu\/a-projektmenedzsment-5-alapelve\/#article","isPartOf":{"@id":"https:\/\/pragent.hu\/a-projektmenedzsment-5-alapelve\/"},"author":{"name":"PR-Agent Communications","@id":"https:\/\/pragent.hu\/#\/schema\/person\/13d1a99cee3f07314018d19c45fcd9d9"},"headline":"A projektmenedzsment 5 alapelve","datePublished":"2020-07-06T08:51:49+00:00","dateModified":"2026-02-12T08:11:50+00:00","mainEntityOfPage":{"@id":"https:\/\/pragent.hu\/a-projektmenedzsment-5-alapelve\/"},"wordCount":439,"publisher":{"@id":"https:\/\/pragent.hu\/#organization"},"image":{"@id":"https:\/\/pragent.hu\/a-projektmenedzsment-5-alapelve\/#primaryimage"},"thumbnailUrl":"https:\/\/pragent.hu\/wp-content\/uploads\/2020\/07\/blog19_dalma_pm.jpg","articleSection":["Projektmenedzsment"],"inLanguage":"en-GB"},{"@type":"WebPage","@id":"https:\/\/pragent.hu\/a-projektmenedzsment-5-alapelve\/","url":"https:\/\/pragent.hu\/a-projektmenedzsment-5-alapelve\/","name":"A projektmenedzsment 5 alapelve - PR AGENT Communications","isPartOf":{"@id":"https:\/\/pragent.hu\/#website"},"primaryImageOfPage":{"@id":"https:\/\/pragent.hu\/a-projektmenedzsment-5-alapelve\/#primaryimage"},"image":{"@id":"https:\/\/pragent.hu\/a-projektmenedzsment-5-alapelve\/#primaryimage"},"thumbnailUrl":"https:\/\/pragent.hu\/wp-content\/uploads\/2020\/07\/blog19_dalma_pm.jpg","datePublished":"2020-07-06T08:51:49+00:00","dateModified":"2026-02-12T08:11:50+00:00","breadcrumb":{"@id":"https:\/\/pragent.hu\/a-projektmenedzsment-5-alapelve\/#breadcrumb"},"inLanguage":"en-GB","potentialAction":[{"@type":"ReadAction","target":["https:\/\/pragent.hu\/a-projektmenedzsment-5-alapelve\/"]}]},{"@type":"ImageObject","inLanguage":"en-GB","@id":"https:\/\/pragent.hu\/a-projektmenedzsment-5-alapelve\/#primaryimage","url":"https:\/\/pragent.hu\/wp-content\/uploads\/2020\/07\/blog19_dalma_pm.jpg","contentUrl":"https:\/\/pragent.hu\/wp-content\/uploads\/2020\/07\/blog19_dalma_pm.jpg","width":1200,"height":630},{"@type":"BreadcrumbList","@id":"https:\/\/pragent.hu\/a-projektmenedzsment-5-alapelve\/#breadcrumb","itemListElement":[{"@type":"ListItem","position":1,"name":"Home","item":"https:\/\/pragent.hu\/"},{"@type":"ListItem","position":2,"name":"A projektmenedzsment 5 alapelve"}]},{"@type":"WebSite","@id":"https:\/\/pragent.hu\/#website","url":"https:\/\/pragent.hu\/","name":"PR Agent Communications","description":"A PR Agent \u00dcgyn\u00f6ks\u00e9g szak\u00e9rt\u0151i seg\u00edtenek hat\u00e9kony kommunik\u00e1ci\u00f3s \u00e9s PR strat\u00e9gi\u00e1k kialak\u00edt\u00e1s\u00e1ban.","publisher":{"@id":"https:\/\/pragent.hu\/#organization"},"potentialAction":[{"@type":"SearchAction","target":{"@type":"EntryPoint","urlTemplate":"https:\/\/pragent.hu\/?s={search_term_string}"},"query-input":{"@type":"PropertyValueSpecification","valueRequired":true,"valueName":"search_term_string"}}],"inLanguage":"en-GB"},{"@type":"Organization","@id":"https:\/\/pragent.hu\/#organization","name":"PR Agent Communications","url":"https:\/\/pragent.hu\/","logo":{"@type":"ImageObject","inLanguage":"en-GB","@id":"https:\/\/pragent.hu\/#\/schema\/logo\/image\/","url":"https:\/\/pragent.hu\/wp-content\/uploads\/2018\/11\/PRA_logo2-1.png","contentUrl":"https:\/\/pragent.hu\/wp-content\/uploads\/2018\/11\/PRA_logo2-1.png","width":98,"height":51,"caption":"PR Agent Communications"},"image":{"@id":"https:\/\/pragent.hu\/#\/schema\/logo\/image\/"},"sameAs":["https:\/\/www.facebook.com\/PRAgentCommunications\/","https:\/\/www.linkedin.com\/company\/10046539\/admin\/","http:\/\/instagram.com\/pragentofficial\/"]},{"@type":"Person","@id":"https:\/\/pragent.hu\/#\/schema\/person\/13d1a99cee3f07314018d19c45fcd9d9","name":"PR-Agent Communications","image":{"@type":"ImageObject","inLanguage":"en-GB","@id":"https:\/\/secure.gravatar.com\/avatar\/25c62230eaf71a347060775b41058f38a9c06f488e05fe183ef7c0e946018ad9?s=96&d=mm&r=g","url":"https:\/\/secure.gravatar.com\/avatar\/25c62230eaf71a347060775b41058f38a9c06f488e05fe183ef7c0e946018ad9?s=96&d=mm&r=g","contentUrl":"https:\/\/secure.gravatar.com\/avatar\/25c62230eaf71a347060775b41058f38a9c06f488e05fe183ef7c0e946018ad9?s=96&d=mm&r=g","caption":"PR-Agent Communications"}}]}},"jetpack_featured_media_url":"https:\/\/pragent.hu\/wp-content\/uploads\/2020\/07\/blog19_dalma_pm.jpg","jetpack_sharing_enabled":true,"_links":{"self":[{"href":"https:\/\/pragent.hu\/en\/wp-json\/wp\/v2\/posts\/2604","targetHints":{"allow":["GET"]}}],"collection":[{"href":"https:\/\/pragent.hu\/en\/wp-json\/wp\/v2\/posts"}],"about":[{"href":"https:\/\/pragent.hu\/en\/wp-json\/wp\/v2\/types\/post"}],"author":[{"embeddable":true,"href":"https:\/\/pragent.hu\/en\/wp-json\/wp\/v2\/users\/1"}],"replies":[{"embeddable":true,"href":"https:\/\/pragent.hu\/en\/wp-json\/wp\/v2\/comments?post=2604"}],"version-history":[{"count":3,"href":"https:\/\/pragent.hu\/en\/wp-json\/wp\/v2\/posts\/2604\/revisions"}],"predecessor-version":[{"id":3843,"href":"https:\/\/pragent.hu\/en\/wp-json\/wp\/v2\/posts\/2604\/revisions\/3843"}],"wp:featuredmedia":[{"embeddable":true,"href":"https:\/\/pragent.hu\/en\/wp-json\/wp\/v2\/media\/2606"}],"wp:attachment":[{"href":"https:\/\/pragent.hu\/en\/wp-json\/wp\/v2\/media?parent=2604"}],"wp:term":[{"taxonomy":"category","embeddable":true,"href":"https:\/\/pragent.hu\/en\/wp-json\/wp\/v2\/categories?post=2604"},{"taxonomy":"post_tag","embeddable":true,"href":"https:\/\/pragent.hu\/en\/wp-json\/wp\/v2\/tags?post=2604"}],"curies":[{"name":"wp","href":"https:\/\/api.w.org\/{rel}","templated":true}]}}